{"id":3841,"date":"2026-01-28T07:54:29","date_gmt":"2026-01-28T07:54:29","guid":{"rendered":"https:\/\/saliver.bravisthemes.com\/?p=3841"},"modified":"2026-02-26T15:19:00","modified_gmt":"2026-02-26T15:19:00","slug":"rotational-grazing-supports-ecosystem-health","status":"publish","type":"post","link":"https:\/\/socialerp.net\/?p=3841","title":{"rendered":"SocialERP Telegesti\u00f3n destaca en la Exhibici\u00f3n Tecnol\u00f3gica del Centro de Reindustrializaci\u00f3n ZASCA"},"content":{"rendered":"\t\t<div data-elementor-type=\"wp-post\" data-elementor-id=\"3841\" class=\"elementor elementor-3841\">\n\t\t\t\t        <section class=\"elementor-section elementor-top-section elementor-element elementor-element-f387dbd elementor-section-boxed elementor-section-height-default elementor-section-height-default pxl-row-scroll-none pxl-zoom-point-false pxl-section-overflow-visible pxl-section-fix-none pxl-bg-color-none pxl-section-overlay-none\" data-id=\"f387dbd\" data-element_type=\"section\" data-e-type=\"section\">\n\n                \n                <div class=\"elementor-container elementor-column-gap-no \">\n                <div class=\"elementor-column elementor-col-100 elementor-top-column elementor-element elementor-element-2b122ab pxl-column-none pxl-column-overflow-hidden-no\" data-id=\"2b122ab\" data-element_type=\"column\" data-e-type=\"column\">\r\n        <div class=\"elementor-widget-wrap elementor-element-populated\">\r\n                     \r\n        \t\t<div class=\"elementor-element elementor-element-8e64a56 elementor-widget elementor-widget-pxl_text_editor\" data-id=\"8e64a56\" data-element_type=\"widget\" data-e-type=\"widget\" data-widget_type=\"pxl_text_editor.default\">\n\t\t\t\t<div class=\"elementor-widget-container\">\n\t\t\t\t\t<div class=\"pxl-text-editor \">\n\t<div class=\"pxl-item--inner  \" data-wow-delay=\"ms\">\n\t\t<p><strong class=\"\">Santo Domingo \/ Madrid \u2014<\/strong>\u00a0El pasado\u00a0<strong class=\"\">viernes 21 de noviembre<\/strong>, SocialERP Telegesti\u00f3n particip\u00f3 en la\u00a0<strong class=\"\">Exhibici\u00f3n Tecnol\u00f3gica: \u201cSoluciones innovadoras para potenciar tu negocio\u201d<\/strong>, realizada en el\u00a0<strong class=\"\">S-Innova, Centro de Emprendimiento e Innovaci\u00f3n<\/strong>, como parte del taller sobre\u00a0<strong class=\"\">Optimizaci\u00f3n Est\u00e9tica y Funcional de Stands<\/strong>\u00a0dirigido a empresarios y organizado por el\u00a0<strong class=\"\">Centro de Reindustrializaci\u00f3n ZASCA de la C\u00e1mara de Comercio de Bucaramanga, Colombia<\/strong>.<img alt=\"\" \/><\/p><p>Durante la jornada, SocialERP \u00a0present\u00f3 su suite de\u00a0<strong class=\"\">soluciones avanzadas de gesti\u00f3n empresarial<\/strong>, dise\u00f1adas para impulsar la eficiencia operativa, el control financiero y la productividad en empresas de m\u00faltiples sectores. Los asistentes conocieron funcionalidades clave como\u00a0<strong class=\"\">gesti\u00f3n de proyectos<\/strong>,\u00a0<strong class=\"\">centros de coste<\/strong>,\u00a0<strong class=\"\">contabilidad integrada<\/strong>,\u00a0<strong class=\"\">producci\u00f3n por fases<\/strong>,\u00a0<strong class=\"\">CRM<\/strong>, as\u00ed como el cumplimiento total con la normativa de\u00a0<strong class=\"\">facturaci\u00f3n electr\u00f3nica y e-CF<\/strong>\u00a0vigente en el pa\u00eds.<\/p><h5 class=\"wp-block-heading\"><strong class=\"\">Interacci\u00f3n directa y creaci\u00f3n de sinergias empresariales<\/strong><\/h5><p>Nuestro equipo comparti\u00f3 con emprendedores y representantes de negocios locales, explorando oportunidades de colaboraci\u00f3n y detectando necesidades espec\u00edficas para apoyar la transformaci\u00f3n digital empresarial.<br class=\"\" \/>Los participantes destacaron la relevancia de herramientas como SocialERP, capaces de\u00a0<strong class=\"\">automatizar procesos<\/strong>,\u00a0<strong class=\"\">mejorar el control financiero<\/strong>\u00a0y ofrecer\u00a0<strong class=\"\">informaci\u00f3n centralizada para decisiones estrat\u00e9gicas<\/strong>.<\/p><h5 class=\"wp-block-heading\"><strong class=\"\">Compromiso con la innovaci\u00f3n y el desarrollo empresarial<\/strong><\/h5><p>La presencia de SocialERP Telegesti\u00f3n en este evento reafirma su compromiso con la\u00a0<strong class=\"\">modernizaci\u00f3n del tejido empresarial<\/strong>, apoyando iniciativas que promueven la innovaci\u00f3n, la reindustrializaci\u00f3n y la digitalizaci\u00f3n de pymes y emprendedores.<\/p><p>\u00a0\u00a0Con esta participaci\u00f3n, nuestra empresa \u00a0fortalece su relaci\u00f3n con la C\u00e1mara de Comercio de Bucaramanga \u00a0y con el ecosistema de emprendimiento del pa\u00eds, impulsando la adopci\u00f3n de\u00a0<strong class=\"\">soluciones tecnol\u00f3gicas de alto impacto<\/strong>\u00a0en la regi\u00f3n.\u00a0<\/p><p><img fetchpriority=\"high\" decoding=\"async\" class=\"aligncenter wp-image-7365 size-full\" src=\"https:\/\/socialerp.net\/wp-content\/uploads\/2026\/02\/camara-bga-2-1024x576-1.png\" alt=\"\" width=\"1024\" height=\"576\" srcset=\"https:\/\/socialerp.net\/wp-content\/uploads\/2026\/02\/camara-bga-2-1024x576-1.png 1024w, https:\/\/socialerp.net\/wp-content\/uploads\/2026\/02\/camara-bga-2-1024x576-1-300x169.png 300w, https:\/\/socialerp.net\/wp-content\/uploads\/2026\/02\/camara-bga-2-1024x576-1-768x432.png 768w\" sizes=\"(max-width: 1024px) 100vw, 1024px\" \/><\/p>\t\t\n\t<\/div>\n<\/div>\t\t\t\t<\/div>\n\t\t\t\t<\/div>\n\t\t        <section class=\"elementor-section elementor-inner-section elementor-element elementor-element-02c3730 elementor-section-boxed elementor-section-height-default elementor-section-height-default pxl-row-scroll-none pxl-zoom-point-false pxl-section-overflow-visible pxl-section-fix-none pxl-bg-color-none pxl-section-overlay-none\" data-id=\"02c3730\" data-element_type=\"section\" data-e-type=\"section\">\n\n                \n                <div class=\"elementor-container elementor-column-gap-no \">\n                <div class=\"elementor-column elementor-col-100 elementor-inner-column elementor-element elementor-element-d2631ff pxl-column-none pxl-column-overflow-hidden-no\" data-id=\"d2631ff\" data-element_type=\"column\" data-e-type=\"column\">\r\n        <div class=\"elementor-widget-wrap\">\r\n                     \r\n                    <\/div>\r\n        <\/div>\r\n        \t\t\t<\/div>\n\t\t<\/section>\n\t\t            <\/div>\r\n        <\/div>\r\n        \t\t\t<\/div>\n\t\t<\/section>\n\t\t\t\t<\/div>\n\t\t","protected":false},"excerpt":{"rendered":"<p>Santo Domingo \/ Madrid \u2014\u00a0El pasado\u00a0viernes 21 de noviembre, SocialERP Telegesti\u00f3n particip\u00f3 en la\u00a0Exhibici\u00f3n Tecnol\u00f3gica: \u201cSoluciones innovadoras para potenciar tu negocio\u201d, realizada en el\u00a0S-Innova, Centro de Emprendimiento e Innovaci\u00f3n, como parte del taller sobre\u00a0Optimizaci\u00f3n Est\u00e9tica y Funcional de Stands\u00a0dirigido a empresarios y organizado por el\u00a0Centro de Reindustrializaci\u00f3n ZASCA de la C\u00e1mara de Comercio de Bucaramanga, [&hellip;]<\/p>\n","protected":false},"author":1,"featured_media":7364,"comment_status":"closed","ping_status":"closed","sticky":false,"template":"","format":"standard","meta":{"footnotes":""},"categories":[2,3],"tags":[23],"class_list":["post-3841","post","type-post","status-publish","format-standard","has-post-thumbnail","hentry","category-saas","category-software","tag-noticias"],"_links":{"self":[{"href":"https:\/\/socialerp.net\/index.php?rest_route=\/wp\/v2\/posts\/3841","targetHints":{"allow":["GET"]}}],"collection":[{"href":"https:\/\/socialerp.net\/index.php?rest_route=\/wp\/v2\/posts"}],"about":[{"href":"https:\/\/socialerp.net\/index.php?rest_route=\/wp\/v2\/types\/post"}],"author":[{"embeddable":true,"href":"https:\/\/socialerp.net\/index.php?rest_route=\/wp\/v2\/users\/1"}],"replies":[{"embeddable":true,"href":"https:\/\/socialerp.net\/index.php?rest_route=%2Fwp%2Fv2%2Fcomments&post=3841"}],"version-history":[{"count":5,"href":"https:\/\/socialerp.net\/index.php?rest_route=\/wp\/v2\/posts\/3841\/revisions"}],"predecessor-version":[{"id":7375,"href":"https:\/\/socialerp.net\/index.php?rest_route=\/wp\/v2\/posts\/3841\/revisions\/7375"}],"wp:featuredmedia":[{"embeddable":true,"href":"https:\/\/socialerp.net\/index.php?rest_route=\/wp\/v2\/media\/7364"}],"wp:attachment":[{"href":"https:\/\/socialerp.net\/index.php?rest_route=%2Fwp%2Fv2%2Fmedia&parent=3841"}],"wp:term":[{"taxonomy":"category","embeddable":true,"href":"https:\/\/socialerp.net\/index.php?rest_route=%2Fwp%2Fv2%2Fcategories&post=3841"},{"taxonomy":"post_tag","embeddable":true,"href":"https:\/\/socialerp.net\/index.php?rest_route=%2Fwp%2Fv2%2Ftags&post=3841"}],"curies":[{"name":"wp","href":"https:\/\/api.w.org\/{rel}","templated":true}]}}